{"id":991679,"date":"2024-05-08T21:36:37","date_gmt":"2024-05-08T18:36:37","guid":{"rendered":"https:\/\/lonca.com\/?p=991679"},"modified":"2024-05-08T21:49:39","modified_gmt":"2024-05-08T18:49:39","slug":"39-amerikan-turk-konferansi","status":"publish","type":"post","link":"https:\/\/lonca.com\/en\/39-amerikan-turk-konferansi\/","title":{"rendered":"39. Amerikan-T\u00fcrk Konferans\u0131"},"content":{"rendered":"<div class=\"vgblk-rw-wrapper limit-wrapper\">Lonca, <a href=\"http:\/\/taik.org.tr\/\" target=\"_blank\" rel=\"noopener\">T\u00fcrkiye \u2013 ABD \u0130\u015f Konseyi (<strong>TA\u0130K<\/strong>)<\/a> i\u015f birli\u011fiyle Amerikan Ticaret Odas\u0131 ve American Turkish Business Roundtable (<strong>ATBR<\/strong>) taraf\u0131ndan d\u00fczenlenecek olan <strong>39. Amerikan T\u00fcrk Konferans\u0131<\/strong>&#8216;na kat\u0131l\u0131m sa\u011fl\u0131yor.<\/p>\n<p><span style=\"font-weight: 400\">Etkinlik, 9 \u2013 10 May\u0131s 2024 tarihlerinde, Washington D.C.&#8217;deki Waldorf Astoria Hotel&#8217;de ger\u00e7ekle\u015ftirilecek. Bu konferans, iki \u00fclke aras\u0131ndaki i\u015f ve ticaret ili\u015fkilerini g\u00fc\u00e7lendirme f\u0131rsatlar\u0131 sunacak ve sekt\u00f6rel i\u015fbirlikleri i\u00e7in \u00f6nemli bir platform olu\u015fturacak.<\/span><\/p>\n<p>&nbsp;<\/p>\n<ul>\n<li><span style=\"font-weight: 400\"><strong><a href=\"https:\/\/www.americanturkishconference.org\" target=\"_blank\" rel=\"noopener\">39. Amerikan-T\u00fcrk Konferans\u0131<\/a><\/strong>, T\u00fcrkiye ve ABD aras\u0131ndaki ekonomik i\u015fbirliklerini daha da ilerletmek amac\u0131yla d\u00fczenlenen prestijli bir etkinlik. Washington, DC\u2019de ger\u00e7ekle\u015fecek bu konferans, i\u015f d\u00fcnyas\u0131 liderlerini, politika yap\u0131c\u0131lar\u0131 ve end\u00fcstri uzmanlar\u0131n\u0131 bir araya getirecek. Etkinlik; havac\u0131l\u0131k ve savunma, dijital ekonomi, enerji ve \u00e7evre, sa\u011fl\u0131k, in\u015faat ve altyap\u0131 gibi \u00e7e\u015fitli sekt\u00f6rlerde derinlemesine paneller ve oturumlar sunacak.<\/span><\/li>\n<\/ul>\n<p>&nbsp;<\/p>\n<p><span style=\"font-weight: 400\">Bu y\u0131lki konferans\u0131n ana temas\u0131, iki \u00fclke aras\u0131ndaki ticaret ve yat\u0131r\u0131m ili\u015fkilerini daha da g\u00fc\u00e7lendirme \u00fczerine kuruludur. Kat\u0131l\u0131mc\u0131lar, \u00e7e\u015fitli panellerde sekt\u00f6rel trendler, pazar dinamikleri ve yeni i\u015f f\u0131rsatlar\u0131 \u00fczerine bilgi alacaklar. Ayr\u0131ca, politika yap\u0131c\u0131lar ve sekt\u00f6r liderleri taraf\u0131ndan sunulacak stratejik oturumlar, i\u015fbirliklerini ve ticari entegrasyonu te\u015fvik edecek politikalar\u0131 tart\u0131\u015facak.<\/span><\/p>\n<p>&nbsp;<\/p>\n<p><span style=\"font-weight: 400\">\u00d6zellikle dijital ekonomi oturumunda, teknoloji ve yenilik\u00e7i \u00e7\u00f6z\u00fcmlerin nas\u0131l bir f\u0131rsat yaratabilece\u011fi, T\u00fcrkiye ve ABD aras\u0131ndaki teknolojik i\u015fbirliklerinin derinle\u015ftirilmesi konular\u0131 ele al\u0131nacak. Enerji sekt\u00f6r\u00fc oturumlar\u0131 ise, yenilenebilir enerji ve s\u00fcrd\u00fcr\u00fclebilir kaynaklar\u0131n kullan\u0131m\u0131, bu alanlardaki yat\u0131r\u0131m olanaklar\u0131 ve ikili enerji politikalar\u0131 \u00fczerinde yo\u011funla\u015facak. Sa\u011fl\u0131k sekt\u00f6r\u00fc oturumlar\u0131nda ise, pandemi sonras\u0131 sa\u011fl\u0131k sistemlerinin g\u00fc\u00e7lendirilmesi, sa\u011fl\u0131k teknolojilerindeki i\u015fbirlikleri ve biyoteknoloji gibi konular tart\u0131\u015f\u0131lacak.<\/span><\/p>\n<p><img loading=\"lazy\" decoding=\"async\" class=\"wp-image-991683 aligncenter\" src=\"https:\/\/lonca.com\/wp-content\/uploads\/2024\/05\/39.-Amerikan-Turk-Konferansi-2-300x212.png\" alt=\"39. Amerikan-T\u00fcrk Konferans\u0131\" width=\"1016\" height=\"718\" srcset=\"https:\/\/lonca.com\/wp-content\/uploads\/2024\/05\/39.-Amerikan-Turk-Konferansi-2-300x212.png 300w, https:\/\/lonca.com\/wp-content\/uploads\/2024\/05\/39.-Amerikan-Turk-Konferansi-2-640x453.png 640w, https:\/\/lonca.com\/wp-content\/uploads\/2024\/05\/39.-Amerikan-Turk-Konferansi-2-1024x724.png 1024w, https:\/\/lonca.com\/wp-content\/uploads\/2024\/05\/39.-Amerikan-Turk-Konferansi-2-768x543.png 768w, https:\/\/lonca.com\/wp-content\/uploads\/2024\/05\/39.-Amerikan-Turk-Konferansi-2-1536x1086.png 1536w, https:\/\/lonca.com\/wp-content\/uploads\/2024\/05\/39.-Amerikan-Turk-Konferansi-2-2048x1448.png 2048w, https:\/\/lonca.com\/wp-content\/uploads\/2024\/05\/39.-Amerikan-Turk-Konferansi-2-18x12.png 18w\" sizes=\"auto, (max-width: 1016px) 100vw, 1016px\" \/><\/p>\n<p><span style=\"font-weight: 400\">Konferans, ayr\u0131ca \u00fc\u00e7\u00fcnc\u00fc \u00fclke i\u015fbirliklerine de odaklanacak ve bu alanda yeni pazarlar ve i\u015fbirli\u011fi olanaklar\u0131 \u00fczerinde duracak. Kat\u0131l\u0131mc\u0131lar, global pazarlara a\u00e7\u0131lma stratejileri ve \u00e7e\u015fitli \u00fclkelerle i\u015fbirli\u011fi yapma yollar\u0131 \u00fczerine bilgi alacaklar.<\/span><\/p>\n<p>&nbsp;<\/p>\n<p><span style=\"font-weight: 400\">\u2018Partnering Strategically, Winning Globally&#8217; temas\u0131 alt\u0131nda savunma ve g\u00fcvenlik, enerji, \u00fc\u00e7\u00fcnc\u00fc \u00fclkelerde i\u015fbirli\u011fi, dijital teknolojiler, turizm ve ticaret konular\u0131nda d\u00fczenlenecek panellerde, Lonca&#8217;n\u0131n Kurucu Ba\u015fkan\u0131 olan Yakup Ak\u0131n da kat\u0131l\u0131mc\u0131lar aras\u0131nda yer alacak.<\/span><\/p>\n<p>&nbsp;<\/p>\n<p><span style=\"font-weight: 400\">Bu konferans, i\u015f d\u00fcnyas\u0131 i\u00e7in sadece bilgi al\u0131\u015fveri\u015fi yapmakla kalmay\u0131p, ayn\u0131 zamanda stratejik ortakl\u0131klar kurmak ve yeni i\u015fbirliklerine yelken a\u00e7mak i\u00e7in de \u00f6nemli bir platform olu\u015fturuyor. Kat\u0131l\u0131mc\u0131lar, etkinlik s\u00fcresince networking etkinliklerine kat\u0131larak de\u011ferli i\u015f ili\u015fkileri kurma ve mevcut i\u015fbirliklerini g\u00fc\u00e7lendirme \u015fans\u0131 bulacaklar. Etkinlik, iki \u00fclke aras\u0131ndaki ekonomik ba\u011flar\u0131 kuvvetlendirmek ve yeni i\u015fbirlikleri yaratmak i\u00e7in ideal bir zemin haz\u0131rl\u0131yor. Detayl\u0131 bilgi ve kay\u0131t i\u00e7in konferans\u0131n resmi web sitesini ziyaret edebilirsiniz.<\/span><\/p>\n<p>&nbsp;<\/p>\n<p><span style=\"font-weight: 400\">\ud83d\uddd3\ufe0f<strong>9 \u2013 10 May\u0131s 2024<\/strong><\/span><\/p>\n<p><strong>\ud83d\udccdWashington, D.C. | Waldorf |Astoria Hotel<\/strong><\/p>\n<p>&nbsp;<\/p>\n<h3><a href=\"https:\/\/lonca.com\/en\/category\/etkinlikler\/\">Etkinlik Rehberi<\/a><\/h3>\n<\/div>\n<p><!-- .vgblk-rw-wrapper --><\/p>","protected":false},"excerpt":{"rendered":"<p>Lonca, T\u00fcrkiye \u2013 ABD \u0130\u015f Konseyi (TA\u0130K) i\u015f birli\u011fiyle Amerikan Ticaret Odas\u0131 ve American Turkish Business Roundtable (ATBR) taraf\u0131ndan d\u00fczenlenecek olan 39. Amerikan T\u00fcrk Konferans\u0131&#8216;na kat\u0131l\u0131m sa\u011fl\u0131yor. Etkinlik, 9 \u2013 10 May\u0131s 2024 tarihlerinde, Washington D.C.&#8217;deki Waldorf Astoria Hotel&#8217;de ger\u00e7ekle\u015ftirilecek. Bu konferans, iki \u00fclke aras\u0131ndaki i\u015f ve ticaret ili\u015fkilerini g\u00fc\u00e7lendirme f\u0131rsatlar\u0131 sunacak ve sekt\u00f6rel i\u015fbirlikleri&#8230;<\/p>","protected":false},"author":9,"featured_media":991682,"comment_status":"open","ping_status":"open","sticky":false,"template":"","format":"standard","meta":{"rank_math_lock_modified_date":false,"inline_featured_image":false,"footnotes":""},"categories":[1,73,69],"tags":[367,140],"class_list":["post-991679","post","type-post","status-publish","format-standard","has-post-thumbnail","hentry","category-en-yeni-haberler","category-etkinlikler","category-teknoloji-ve-inovasyon","tag-39-amerikan-turk-konferansi","tag-yakup-akin"],"acf":[],"_links":{"self":[{"href":"https:\/\/lonca.com\/en\/wp-json\/wp\/v2\/posts\/991679","targetHints":{"allow":["GET"]}}],"collection":[{"href":"https:\/\/lonca.com\/en\/wp-json\/wp\/v2\/posts"}],"about":[{"href":"https:\/\/lonca.com\/en\/wp-json\/wp\/v2\/types\/post"}],"author":[{"embeddable":true,"href":"https:\/\/lonca.com\/en\/wp-json\/wp\/v2\/users\/9"}],"replies":[{"embeddable":true,"href":"https:\/\/lonca.com\/en\/wp-json\/wp\/v2\/comments?post=991679"}],"version-history":[{"count":7,"href":"https:\/\/lonca.com\/en\/wp-json\/wp\/v2\/posts\/991679\/revisions"}],"predecessor-version":[{"id":991688,"href":"https:\/\/lonca.com\/en\/wp-json\/wp\/v2\/posts\/991679\/revisions\/991688"}],"wp:featuredmedia":[{"embeddable":true,"href":"https:\/\/lonca.com\/en\/wp-json\/wp\/v2\/media\/991682"}],"wp:attachment":[{"href":"https:\/\/lonca.com\/en\/wp-json\/wp\/v2\/media?parent=991679"}],"wp:term":[{"taxonomy":"category","embeddable":true,"href":"https:\/\/lonca.com\/en\/wp-json\/wp\/v2\/categories?post=991679"},{"taxonomy":"post_tag","embeddable":true,"href":"https:\/\/lonca.com\/en\/wp-json\/wp\/v2\/tags?post=991679"}],"curies":[{"name":"wp","href":"https:\/\/api.w.org\/{rel}","templated":true}]}}