{"id":994013,"date":"2024-10-05T18:11:09","date_gmt":"2024-10-05T15:11:09","guid":{"rendered":"https:\/\/lonca.com\/?p=994013"},"modified":"2024-10-05T18:28:09","modified_gmt":"2024-10-05T15:28:09","slug":"askon-texasta-yeni-projelerle-ilerlemeye-devam-ediyor","status":"publish","type":"post","link":"https:\/\/lonca.com\/en\/askon-texasta-yeni-projelerle-ilerlemeye-devam-ediyor\/","title":{"rendered":"Askon Texas&#8217;ta Yeni Projelerle \u0130lerlemeye Devam Ediyor!"},"content":{"rendered":"<div class=\"vgblk-rw-wrapper limit-wrapper\">Askon Texas, yerel ve uluslararas\u0131 platformlarda faaliyet g\u00f6steren T\u00fcrk i\u015f insanlar\u0131n\u0131 bir araya getirmeye y\u00f6nelik etkinliklerine h\u0131z kesmeden devam ediyor. Ge\u00e7ti\u011fimiz g\u00fcnlerde, TRT&#8217;nin yeni belgesel projesi \u0130nsan \u0130klimi&#8217;nin yap\u0131m ekibi Texas&#8217;ta a\u011f\u0131rland\u0131. Yap\u0131mc\u0131 ve y\u00f6netmen Zeki Suba\u015f\u0131 ile g\u00f6r\u00fcnt\u00fc y\u00f6netmeni Volkan Y\u0131lmaz\u2019\u0131n kat\u0131ld\u0131\u011f\u0131 bu bulu\u015fmada, belgesel projesi hakk\u0131nda daha fazla bilgi edinilirken, T\u00fcrk i\u015f d\u00fcnyas\u0131n\u0131n Amerika&#8217;daki ba\u015far\u0131 hikayelerine olan ilginin daha da artmas\u0131 sa\u011fland\u0131.<\/p>\n<p>Zeki Suba\u015f\u0131\u2019n\u0131n y\u00f6netti\u011fi bu proje, insan ili\u015fkilerinin, k\u00fclt\u00fcrlerin ve de\u011ferlerin belgesel format\u0131nda ele al\u0131nd\u0131\u011f\u0131 \u00f6zel bir yap\u0131m olarak \u00f6ne \u00e7\u0131k\u0131yor. \u00c7ekimlerde, d\u00fcnyan\u0131n farkl\u0131 yerlerinde ya\u015fayan insanlar\u0131n hikayelerine odaklan\u0131l\u0131rken, Texas\u2019taki T\u00fcrk i\u015f insanlar\u0131n\u0131n ba\u015far\u0131 \u00f6yk\u00fclerinin projede yer almas\u0131 fikri heyecan yaratt\u0131. Bu ba\u011flamda, Amerika\u2019da ya\u015fayan ba\u015far\u0131l\u0131 T\u00fcrk i\u015f insanlar\u0131n\u0131n belgeselde yer almas\u0131 talebi Zeki Suba\u015f\u0131&#8217;na iletilmi\u015f ve olumlu kar\u015f\u0131lanm\u0131\u015ft\u0131r. Kendisi, bu \u00f6nemli talebi dikkate alarak, Askon Texas\u2019\u0131n de\u011ferli \u00fcyelerinin projede yer alaca\u011f\u0131n\u0131 ifade etti.<\/p>\n<h2>T\u00fcrk \u0130\u015f \u0130nsanlar\u0131na Vizyon Katan Bir Proje<br \/>\nTRT&#8217;nin yeni belgesel projesi, farkl\u0131 co\u011frafyalarda ya\u015fayan insanlar\u0131n hayatlar\u0131na dair \u00e7arp\u0131c\u0131 kesitler sunarken, ayn\u0131 zamanda T\u00fcrk i\u015f d\u00fcnyas\u0131n\u0131n Amerika\u2019da elde etti\u011fi ba\u015far\u0131lar\u0131 da g\u00f6zler \u00f6n\u00fcne serecek. \u00d6zellikle Texas&#8217;ta faaliyet g\u00f6steren T\u00fcrk i\u015f insanlar\u0131n\u0131n projede yer almas\u0131, T\u00fcrkiye\u2019nin ekonomik potansiyelini ve bireysel ba\u015far\u0131 hikayelerini uluslararas\u0131 bir platforma ta\u015f\u0131mak ad\u0131na b\u00fcy\u00fck bir ad\u0131m olarak de\u011ferlendiriliyor.<\/h2>\n<p>Zeki Suba\u015f\u0131 ve Volkan Y\u0131lmaz\u2019\u0131n ekibiyle ger\u00e7ekle\u015ftirilen bu \u00f6nemli bulu\u015fman\u0131n ard\u0131ndan, Texas&#8217;taki T\u00fcrk i\u015f d\u00fcnyas\u0131n\u0131n projeye dahil olmas\u0131 i\u00e7in ilk ad\u0131mlar at\u0131ld\u0131. Bu s\u00fcre\u00e7te, T\u00fcrk i\u015f insanlar\u0131n\u0131n projede yer almas\u0131na katk\u0131 sa\u011flayan T\u00fclay Spicker\u2019e de te\u015fekk\u00fcrlerimizi sunuyoruz.<\/p>\n<h2>Gelece\u011fe Umutla Bak\u0131l\u0131yor<br \/>\nAskon Texas, T\u00fcrk i\u015f d\u00fcnyas\u0131n\u0131n uluslararas\u0131 ba\u015far\u0131lar\u0131n\u0131n duyurulmas\u0131 ve desteklenmesi ad\u0131na \u00e7al\u0131\u015fmalar\u0131n\u0131 s\u00fcrd\u00fcrmeye devam ediyor. Bu t\u00fcr projelerde yer almak, T\u00fcrk i\u015f insanlar\u0131n\u0131n sadece Amerika\u2019da de\u011fil, d\u00fcnya genelinde tan\u0131nmas\u0131na \u00f6nemli katk\u0131lar sa\u011flayacak ad\u0131mlardan biri olarak de\u011ferlendiriliyor. T\u00fcrk i\u015f d\u00fcnyas\u0131n\u0131n g\u00fc\u00e7lenmesi ve yeni nesillere ilham verilmesi amac\u0131yla \u00e7al\u0131\u015fmalar\u0131m\u0131z devam edecek.<\/h2>\n<p>Yak\u0131n gelecekte, TRT\u2019nin bu projesinin yay\u0131nlanmas\u0131yla birlikte, Texas&#8217;taki T\u00fcrk i\u015f insanlar\u0131n\u0131n ba\u015far\u0131lar\u0131n\u0131n ekranlara ta\u015f\u0131naca\u011f\u0131 ve T\u00fcrk-Amerikan i\u015f d\u00fcnyas\u0131 i\u00e7in bu projenin \u00f6nemli bir d\u00f6n\u00fcm noktas\u0131 olaca\u011f\u0131 \u00f6ng\u00f6r\u00fcl\u00fcyor.<\/p><\/div>\n<p><!-- .vgblk-rw-wrapper --><\/p>","protected":false},"excerpt":{"rendered":"<p>Askon Texas, yerel ve uluslararas\u0131 platformlarda faaliyet g\u00f6steren T\u00fcrk i\u015f insanlar\u0131n\u0131 bir araya getirmeye y\u00f6nelik etkinliklerine h\u0131z kesmeden devam ediyor. Ge\u00e7ti\u011fimiz g\u00fcnlerde, TRT&#8217;nin yeni belgesel projesi \u0130nsan \u0130klimi&#8217;nin yap\u0131m ekibi Texas&#8217;ta a\u011f\u0131rland\u0131. Yap\u0131mc\u0131 ve y\u00f6netmen Zeki Suba\u015f\u0131 ile g\u00f6r\u00fcnt\u00fc y\u00f6netmeni Volkan Y\u0131lmaz\u2019\u0131n kat\u0131ld\u0131\u011f\u0131 bu bulu\u015fmada, belgesel projesi hakk\u0131nda daha fazla bilgi edinilirken, T\u00fcrk i\u015f d\u00fcnyas\u0131n\u0131n&#8230;<\/p>","protected":false},"author":1,"featured_media":994014,"comment_status":"open","ping_status":"open","sticky":false,"template":"","format":"standard","meta":{"rank_math_lock_modified_date":false,"inline_featured_image":false,"footnotes":""},"categories":[66,1],"tags":[588,590,589],"class_list":["post-994013","post","type-post","status-publish","format-standard","has-post-thumbnail","hentry","category-basinda-lonca","category-en-yeni-haberler","tag-askon-texas","tag-lonca-isbirligi","tag-trt"],"acf":[],"_links":{"self":[{"href":"https:\/\/lonca.com\/en\/wp-json\/wp\/v2\/posts\/994013","targetHints":{"allow":["GET"]}}],"collection":[{"href":"https:\/\/lonca.com\/en\/wp-json\/wp\/v2\/posts"}],"about":[{"href":"https:\/\/lonca.com\/en\/wp-json\/wp\/v2\/types\/post"}],"author":[{"embeddable":true,"href":"https:\/\/lonca.com\/en\/wp-json\/wp\/v2\/users\/1"}],"replies":[{"embeddable":true,"href":"https:\/\/lonca.com\/en\/wp-json\/wp\/v2\/comments?post=994013"}],"version-history":[{"count":3,"href":"https:\/\/lonca.com\/en\/wp-json\/wp\/v2\/posts\/994013\/revisions"}],"predecessor-version":[{"id":994018,"href":"https:\/\/lonca.com\/en\/wp-json\/wp\/v2\/posts\/994013\/revisions\/994018"}],"wp:featuredmedia":[{"embeddable":true,"href":"https:\/\/lonca.com\/en\/wp-json\/wp\/v2\/media\/994014"}],"wp:attachment":[{"href":"https:\/\/lonca.com\/en\/wp-json\/wp\/v2\/media?parent=994013"}],"wp:term":[{"taxonomy":"category","embeddable":true,"href":"https:\/\/lonca.com\/en\/wp-json\/wp\/v2\/categories?post=994013"},{"taxonomy":"post_tag","embeddable":true,"href":"https:\/\/lonca.com\/en\/wp-json\/wp\/v2\/tags?post=994013"}],"curies":[{"name":"wp","href":"https:\/\/api.w.org\/{rel}","templated":true}]}}